{"id":5272,"date":"2026-03-25T09:43:25","date_gmt":"2026-03-25T09:43:25","guid":{"rendered":"https:\/\/humanspaces.at\/?p=5272"},"modified":"2026-03-25T09:43:53","modified_gmt":"2026-03-25T09:43:53","slug":"immo-vorausschau-wien-2026","status":"publish","type":"post","link":"https:\/\/humanspaces.at\/en\/immo-vorausschau-wien-2026\/","title":{"rendered":"Immo-Vorausschau Wien 2026"},"content":{"rendered":"<p class=\"my-2 [&amp;+p]:mt-4 [&amp;_strong:has(+br)]:inline-block [&amp;_strong:has(+br)]:pb-2\">Viele Menschen stehen Anfang 2026 vor derselben Frage wie Ende 2025: Soll ich jetzt kaufen, noch abwarten oder doch lieber mieten \u2013 und wohin entwickelt sich der Markt rund um Wien \u00fcberhaupt?<br \/>\nDer Blick auf 2025 und die Vorausschau auf 2026 zeigt: Die Talsohle am Kaufmarkt ist sehr wahrscheinlich \u00fcberschritten, w\u00e4hrend der Mietmarkt unter einer wachsenden Angebotsl\u00fccke leidet.<\/p>\n<h2 id=\"rckblick-2025-kleine-trendwende-nach-der-korrektur\" class=\"font-editorial font-bold mb-2 mt-4 [.has-inline-images_&amp;]:clear-end text-lg first:mt-0 md:text-lg [hr+&amp;]:mt-4\">R\u00fcckblick 2025: Kleine Trendwende<\/h2>\n<p class=\"my-2 [&amp;+p]:mt-4 [&amp;_strong:has(+br)]:inline-block [&amp;_strong:has(+br)]:pb-2\">Zwischen Mitte 2022 und Ende 2024 haben die Preise f\u00fcr Wohnimmobilien in \u00d6sterreich im Schnitt um rund f\u00fcnf Prozent nachgegeben \u2013 vor allem, weil h\u00f6here Zinsen die Nachfrage ged\u00e4mpft haben. F\u00fcr 2025 wurde dann wieder ein leichtes Plus von etwa 0,9\u202fProzent erwartet, ein erster zaghaft positiver Ausschlag nach der Korrekturphase.<\/p>\n<p class=\"my-2 [&amp;+p]:mt-4 [&amp;_strong:has(+br)]:inline-block [&amp;_strong:has(+br)]:pb-2\">W\u00e4hrend Kaufpreise also nur sanft anzogen, legten die Mieten deutlich st\u00e4rker zu: In Wien stiegen die Angebots\u2011Bruttomieten 2025 laut gro\u00dfen Immobilienportalen um rund zehn Prozent auf durchschnittlich etwa 21\u202fEuro pro Quadratmeter.<br \/>\nWeitere Auswertungen best\u00e4tigen dieses Niveau und zeigen f\u00fcr 2025 einen Durchschnitt von etwas \u00fcber 20\u202fEuro pro Quadratmeter sowie f\u00fcr 2026 bereits gut 21\u202fEuro \u2013 ein weiteres Plus von rund vier Prozent.<\/p>\n<h2 id=\"kaufmarkt-wien-2026-talsohle-vorbei-anstieg-im-mod\" class=\"font-editorial font-bold mb-2 mt-4 [.has-inline-images_&amp;]:clear-end text-lg first:mt-0 md:text-lg [hr+&amp;]:mt-4\">Kaufmarkt Wien 2026: Preise ziehen wieder an<\/h2>\n<p class=\"my-2 [&amp;+p]:mt-4 [&amp;_strong:has(+br)]:inline-block [&amp;_strong:has(+br)]:pb-2\">F\u00fcr Wohnungen in Wien liegt der durchschnittliche Kaufpreis 2026 bei rund 6.600\u202fEuro pro Quadratmeter \u2013 das entspricht einem Anstieg von etwa drei Prozent gegen\u00fcber 2025.<br \/>\nMehrere Marktberichte sehen Wien damit leicht \u00fcber dem \u00f6sterreichweiten Schnitt.<\/p>\n<p class=\"my-2 [&amp;+p]:mt-4 [&amp;_strong:has(+br)]:inline-block [&amp;_strong:has(+br)]:pb-2\">Besonders gefragt bleiben gut gelegene Bestandswohnungen mit Balkon, solider Infrastruktur und brauchbarer Energieeffizienz \u2013 hier reichen die erwarteten Preissteigerungen heuer je nach Lage und Qualit\u00e4t bis in den Bereich von etwa drei bis sechs Prozent. Der \u00f6sterreichweite Marktindex von RE\/MAX spricht von einem \u201emoderaten Aufschwung\u201c: Nachfrage, Angebot und Preise legen wieder zu, wobei die Nachfrage etwas st\u00e4rker w\u00e4chst als das Angebot.<\/p>\n<h2 id=\"mietmarkt-wien-2026-angebotslcke-trifft-hohe-nachf\" class=\"font-editorial font-bold mb-2 mt-4 [.has-inline-images_&amp;]:clear-end text-lg first:mt-0 md:text-lg [hr+&amp;]:mt-4\">Mietmarkt Wien 2026: Angebotsl\u00fccke trifft hohe Nachfrage<\/h2>\n<p class=\"my-2 [&amp;+p]:mt-4 [&amp;_strong:has(+br)]:inline-block [&amp;_strong:has(+br)]:pb-2\">Am Mietmarkt sp\u00fcren wir die Knappheit am st\u00e4rksten: Wien ben\u00f6tigt pro Jahr rund 10.000 neue Wohnungen \u2013 fertiggestellt werden 2026 voraussichtlich nur etwa 8.500 Einheiten.<br \/>\nViele Analysen sprechen deshalb von einem historischen Tiefstand im Neubau: Zahlreiche Projekte werden verschoben oder gestoppt, w\u00e4hrend der Zuzug in die Stadt anh\u00e4lt.<\/p>\n<p class=\"my-2 [&amp;+p]:mt-4 [&amp;_strong:has(+br)]:inline-block [&amp;_strong:has(+br)]:pb-2\">Daten zum ersten Quartal 2026 zeigen, dass die Mieten weiter steigen: Auswertungen gehen f\u00fcr Wien heuer von Mietsteigerungen im hohen einstelligen Prozentbereich aus \u2013 je nach Lage und Segment grob vier bis acht Prozent, teils dar\u00fcber bei sehr gefragten Objekten. Besonders innerst\u00e4dtische Lagen und gut angebundene Bezirke an U\u2011Bahn\u2011Achsen bleiben stark umk\u00e4mpft, was sich vor allem bei Neuvermietungen im freien Segment bemerkbar macht.<\/p>\n<h2 id=\"wien-als-mieterstadt-starker-puffer--aber-knapper\" class=\"font-editorial font-bold mb-2 mt-4 [.has-inline-images_&amp;]:clear-end text-lg first:mt-0 md:text-lg [hr+&amp;]:mt-4\">Wien ist eine Mieterstadt<\/h2>\n<p class=\"my-2 [&amp;+p]:mt-4 [&amp;_strong:has(+br)]:inline-block [&amp;_strong:has(+br)]:pb-2\">Rund drei Viertel der Hauptwohnsitze in Wien sind Mietwohnungen, w\u00e4hrend Eigentumswohnungen und Einfamilienh\u00e4user einen deutlich kleineren Anteil ausmachen. Mehr als die H\u00e4lfte aller Mietwohnungen befindet sich im Eigentum der Stadt Wien oder gemeinn\u00fctziger Bautr\u00e4ger \u2013 dieser gro\u00dfe soziale und gef\u00f6rderte Sektor wirkt als wichtiger Puffer im Gesamtsystem.<\/p>\n<p class=\"my-2 [&amp;+p]:mt-4 [&amp;_strong:has(+br)]:inline-block [&amp;_strong:has(+br)]:pb-2\">Gleichzeitig bleibt der frei finanzierte, gut erhaltene Mietwohnraum knapp: Wer keinen Zugang zu Gemeindebauten oder gef\u00f6rderten Wohnungen hat, zahlt am Markt oft deutlich \u00fcber 30\u202fProzent des Nettoeinkommens f\u00fcr die Miete. Viele Haushalte bleiben deshalb in \u00e4lteren, g\u00fcnstigeren Bestandsvertr\u00e4gen, was die Fluktuation zus\u00e4tzlich bremst und das ohnehin begrenzte Angebot an leistbaren Neuvermietungen weiter verknappt.<\/p>\n<h2 id=\"umland-und-speckgrtel-moderates-plus-krftige-nachf\" class=\"font-editorial font-bold mb-2 mt-4 [.has-inline-images_&amp;]:clear-end text-lg first:mt-0 md:text-lg [hr+&amp;]:mt-4\">Umland und Speckg\u00fcrtel: Nachfrage steigt wieder<\/h2>\n<p class=\"my-2 [&amp;+p]:mt-4 [&amp;_strong:has(+br)]:inline-block [&amp;_strong:has(+br)]:pb-2\">Im Wiener Umland und in Nieder\u00f6sterreich rechnet die Branche 2026 im Schnitt mit einem Preisplus von rund vier Prozent, nachdem die Preise zuvor eher stagniert oder leicht nachgegeben hatten. Gerade im Speckg\u00fcrtel wird ein besonders kr\u00e4ftiger Nachfrageanstieg von rund sechs Prozent erwartet.<\/p>\n<p class=\"my-2 [&amp;+p]:mt-4 [&amp;_strong:has(+br)]:inline-block [&amp;_strong:has(+br)]:pb-2\">Das betrifft sowohl Eigentum als auch Miete: Einfamilienh\u00e4user, Reihenh\u00e4user und Baugrundst\u00fccke in Pendlerlagen ziehen preislich an, zugleich steigen auch die Mieten in den besser angebundenen Orten. F\u00fcr viele Haushalte, die sich zentrale Wiener Mieten oder Kaufpreise nicht (mehr) leisten wollen (oder k\u00f6nnen), wird der Speckg\u00fcrtel damit zur realistischen \u2013 wenn auch nicht mehr wirklich g\u00fcnstigen \u2013 Alternative.<\/p>\n<h2 id=\"was-heit-das-2026-fr-kuferinnen\" class=\"font-editorial font-bold mb-2 mt-4 [.has-inline-images_&amp;]:clear-end text-lg first:mt-0 md:text-lg [hr+&amp;]:mt-4\">Was hei\u00dft das f\u00fcr K\u00e4ufer:innen?<\/h2>\n<p class=\"my-2 [&amp;+p]:mt-4 [&amp;_strong:has(+br)]:inline-block [&amp;_strong:has(+br)]:pb-2\">F\u00fcr Kaufinteressierte ist 2026 wahrscheinlich kein Zeitpunkt f\u00fcr Schn\u00e4ppchenjagd, aber auch noch nicht die R\u00fcckkehr zu den extremen Boomjahren. Die Preise haben ihre Talsohle vermutlich hinter sich gelassen, steigen aber derzeit noch in einem moderaten Rahmen \u2013 \u00f6sterreichweit rund 2,5 bis 3,5\u202fProzent, in Wien etwas dar\u00fcber.<\/p>\n<p class=\"my-2 [&amp;+p]:mt-4 [&amp;_strong:has(+br)]:inline-block [&amp;_strong:has(+br)]:pb-2\">Wer kaufen m\u00f6chte, profitiert aktuell noch von einer im historischen Vergleich breiteren Auswahl und etwas entspannteren Preisen als auf dem H\u00f6hepunkt des letzten Zyklus \u2013 muss aber realistischer kalkulieren, insbesondere bei Sanierungskosten und Finanzierung. Wichtig sind heute vor allem vier Punkte: Lagequalit\u00e4t, bauliche Substanz, energetischer Zustand und eine solide Finanzierung mit Puffer f\u00fcr Zins\u00e4nderungen und Instandhaltung.<\/p>\n<h2 id=\"was-heit-das-2026-fr-mieterinnen\" class=\"font-editorial font-bold mb-2 mt-4 [.has-inline-images_&amp;]:clear-end text-lg first:mt-0 md:text-lg [hr+&amp;]:mt-4\">Was hei\u00dft das f\u00fcr Mieter:innen?<\/h2>\n<p class=\"my-2 [&amp;+p]:mt-4 [&amp;_strong:has(+br)]:inline-block [&amp;_strong:has(+br)]:pb-2\">F\u00fcr Mieter:innen in Wien wird die Wohnungssuche tendenziell nicht einfacher: Der Einbruch im Neubau und die Angebotsl\u00fccke versch\u00e4rfen den Wettbewerb um gut erhaltene Mietwohnungen im mittleren Preis\u2011 und Qualit\u00e4tssegment.<br \/>\nNeuabschl\u00fcsse im freien Markt liegen deutlich h\u00f6her als viele Altvertr\u00e4ge, was den Druck vor allem auf Haushalte ohne Zugang zu gef\u00f6rdertem Wohnraum erh\u00f6ht.<\/p>\n<p class=\"my-2 [&amp;+p]:mt-4 [&amp;_strong:has(+br)]:inline-block [&amp;_strong:has(+br)]:pb-2\">Gleichzeitig zeigt sich ein starker Lock\u2011in\u2011Effekt: Wer einen vergleichsweise g\u00fcnstigen Bestandmietvertrag hat, bleibt oft lieber in der aktuellen Wohnung, selbst wenn sie nicht ideal passt \u2013 das reduziert die Zahl frei werdender Wohnungen zus\u00e4tzlich.<br \/>\nIm Vergleich dazu bleibt Nieder\u00f6sterreich vorerst etwas leistbarer, doch auch hier ziehen die Mieten an, vor allem in verkehrlich gut angebundenen Speckg\u00fcrtel\u2011Gemeinden, in denen die Nachfrage klar \u00fcber dem Angebot liegt.<\/p>\n<h2 id=\"mein-blick-nach-vorne-2026-als-jahr-der-sorgfltige\" class=\"font-editorial font-bold mb-2 mt-4 [.has-inline-images_&amp;]:clear-end text-lg first:mt-0 md:text-lg [hr+&amp;]:mt-4\">Mein Blick nach vorne: 2026 als Jahr der sorgf\u00e4ltigen Entscheidungen<\/h2>\n<p class=\"my-2 [&amp;+p]:mt-4 [&amp;_strong:has(+br)]:inline-block [&amp;_strong:has(+br)]:pb-2\">Aus heutiger Sicht bietet 2026 sehr wohl M\u00f6glichkeiten f\u00fcr gute Immobilienk\u00e4ufe &#8211; wenn man sich gut vorbereitet und den Markt im Auge beh\u00e4lt. Wer kaufen will, sollte Lage, Substanz, m\u00f6gliche Sanierungsschritte und die Finanzierungsbedingungen noch sorgf\u00e4ltiger pr\u00fcfen als bisher. Die Spielr\u00e4ume sind kleiner geworden, Vor allem sollte man sich nicht unter Zeitdruck setzen lassen um so wom\u00f6glich teure Fehlentscheidungen zu vermeiden.<\/p>\n<p>Auf der Suche nach Mietwohnungen ist der Spielraum bedeutend geringer. Am besten hat man Augen und Ohren \u00fcberall: Genossenschaften, Online Plattformen, privates Umfeld. Wenn sich eine M\u00f6glichkeit auftut, sollte man schnell reagieren k\u00f6nnen. Das bedeutet das eigene Budget realistisch zu bewerten und ein klares Bild davon zu haben, welche Mietsteigerungen rechtlich und am Markt realistisch sind.<\/p>\n<p>In beiden F\u00e4llen kann eine unabh\u00e4ngige Zweitmeinung helfen, Zahlen und Emotionen wieder ins Gleichgewicht zu bringen \u2013 und eine Entscheidung zu treffen, die nicht nur heute, sondern auch in einigen Jahren noch stimmig ist.<\/p>\n<p>&nbsp;<\/p>\n<h3>Quellen:<\/h3>\n<p><a href=\"https:\/\/immofokus.at\/a\/immoscout24-datenanalyse-angebotsmieten\" target=\"_blank\" rel=\"noopener\">https:\/\/immofokus.at\/a\/immoscout24-datenanalyse-angebotsmieten<\/a><br \/>\n<a href=\"https:\/\/publikationen.ehl.at\/view\/1054655877\/9\/\" target=\"_blank\" rel=\"noopener\">https:\/\/publikationen.ehl.at\/view\/1054655877\/9\/<\/a><br \/>\n<a href=\"https:\/\/www.ohne-makler.at\/immobilienpreise\/wien\/wien\/\" target=\"_blank\" rel=\"noopener\">https:\/\/www.ohne-makler.at\/immobilienpreise\/wien\/wien\/<\/a><br \/>\n<a href=\"https:\/\/www.remax.at\/de\/presse\/presseaussendungen\/re-max-studie-immobilienmarkt-2026\" target=\"_blank\" rel=\"noopener\">https:\/\/www.remax.at\/de\/presse\/presseaussendungen\/re-max-studie-immobilienmarkt-2026<\/a><br \/>\n<a href=\"https:\/\/www.remax.at\/de\/presse\/presseaussendungen\/re-max-immospiegel-2025-gesamtmarkt\" target=\"_blank\" rel=\"noopener\">https:\/\/www.remax.at\/de\/presse\/presseaussendungen\/re-max-immospiegel-2025-gesamtmarkt<\/a><br \/>\n<a href=\"https:\/\/www.statistik.at\/fileadmin\/publications\/Wohnen_2024_Web-barrierefrei.pdf\" target=\"_blank\" rel=\"noopener\">https:\/\/www.statistik.at\/fileadmin\/publications\/Wohnen_2024_Web-barrierefrei.pdf<\/a><br \/>\n<a href=\"https:\/\/kurier.at\/wirtschaft\/immobilienpreise-oesterreich-wohnung-haus-kosten-wohnungseigentum\/403100130\" target=\"_blank\" rel=\"noopener\">https:\/\/kurier.at\/wirtschaft\/immobilienpreise-oesterreich-wohnung-haus-kosten-wohnungseigentum\/403100130<\/a><br \/>\n<a href=\"https:\/\/www.wienerzeitung.at\/a\/wohnungswucher-wien-wer-kann-sich-das-noch-leisten\" target=\"_blank\" rel=\"noopener\">https:\/\/www.wienerzeitung.at\/a\/wohnungswucher-wien-wer-kann-sich-das-noch-leisten<\/a><br \/>\n<a href=\"https:\/\/www.derstandard.at\/story\/3000000312888\/zwei-einkommen-und-trotzdem-kein-eigentum-der-mythos-von-der-unleistbarkeit\" target=\"_blank\" rel=\"noopener\">https:\/\/www.derstandard.at\/story\/3000000312888\/zwei-einkommen-und-trotzdem-kein-eigentum-der-mythos-von-der-unleistbarkeit<\/a><a href=\"https:\/\/raiffeisenzeitung.at\/wohnimmobilien-ausblick-2026\/\" target=\"_blank\" rel=\"noopener\">https:\/\/raiffeisenzeitung.at\/wohnimmobilien-ausblick-2026\/<\/a><\/p>\n","protected":false},"excerpt":{"rendered":"<p>Viele Menschen stehen Anfang 2026 vor derselben Frage wie Ende 2025: Soll ich jetzt kaufen, noch abwarten oder doch lieber [&hellip;]<\/p>\n","protected":false},"author":1,"featured_media":5273,"comment_status":"open","ping_status":"open","sticky":false,"template":"","format":"standard","meta":{"site-sidebar-layout":"default","site-content-layout":"","ast-site-content-layout":"default","site-content-style":"default","site-sidebar-style":"default","ast-global-header-display":"","ast-banner-title-visibility":"","ast-main-header-display":"","ast-hfb-above-header-display":"","ast-hfb-below-header-display":"","ast-hfb-mobile-header-display":"","site-post-title":"","ast-breadcrumbs-content":"","ast-featured-img":"","footer-sml-layout":"","ast-disable-related-posts":"","theme-transparent-header-meta":"default","adv-header-id-meta":"","stick-header-meta":"","header-above-stick-meta":"","header-main-stick-meta":"","header-below-stick-meta":"","astra-migrate-meta-layouts":"set","ast-page-background-enabled":"default","ast-page-background-meta":{"desktop":{"background-color":"var(--ast-global-color-5)","background-image":"","background-repeat":"repeat","background-position":"center center","background-size":"auto","background-attachment":"scroll","background-type":"","background-media":"","overlay-type":"","overlay-color":"","overlay-opacity":"","overlay-gradient":""},"tablet":{"background-color":"","background-image":"","background-repeat":"repeat","background-position":"center center","background-size":"auto","background-attachment":"scroll","background-type":"","background-media":"","overlay-type":"","overlay-color":"","overlay-opacity":"","overlay-gradient":""},"mobile":{"background-color":"","background-image":"","background-repeat":"repeat","background-position":"center center","background-size":"auto","background-attachment":"scroll","background-type":"","background-media":"","overlay-type":"","overlay-color":"","overlay-opacity":"","overlay-gradient":""}},"ast-content-background-meta":{"desktop":{"background-color":"var(--ast-global-color-4)","background-image":"","background-repeat":"repeat","background-position":"center center","background-size":"auto","background-attachment":"scroll","background-type":"","background-media":"","overlay-type":"","overlay-color":"","overlay-opacity":"","overlay-gradient":""},"tablet":{"background-color":"var(--ast-global-color-4)","background-image":"","background-repeat":"repeat","background-position":"center center","background-size":"auto","background-attachment":"scroll","background-type":"","background-media":"","overlay-type":"","overlay-color":"","overlay-opacity":"","overlay-gradient":""},"mobile":{"background-color":"var(--ast-global-color-4)","background-image":"","background-repeat":"repeat","background-position":"center center","background-size":"auto","background-attachment":"scroll","background-type":"","background-media":"","overlay-type":"","overlay-color":"","overlay-opacity":"","overlay-gradient":""}},"footnotes":""},"categories":[1],"tags":[],"class_list":["post-5272","post","type-post","status-publish","format-standard","has-post-thumbnail","hentry","category-allgemein"],"_links":{"self":[{"href":"https:\/\/humanspaces.at\/en\/wp-json\/wp\/v2\/posts\/5272","targetHints":{"allow":["GET"]}}],"collection":[{"href":"https:\/\/humanspaces.at\/en\/wp-json\/wp\/v2\/posts"}],"about":[{"href":"https:\/\/humanspaces.at\/en\/wp-json\/wp\/v2\/types\/post"}],"author":[{"embeddable":true,"href":"https:\/\/humanspaces.at\/en\/wp-json\/wp\/v2\/users\/1"}],"replies":[{"embeddable":true,"href":"https:\/\/humanspaces.at\/en\/wp-json\/wp\/v2\/comments?post=5272"}],"version-history":[{"count":5,"href":"https:\/\/humanspaces.at\/en\/wp-json\/wp\/v2\/posts\/5272\/revisions"}],"predecessor-version":[{"id":5281,"href":"https:\/\/humanspaces.at\/en\/wp-json\/wp\/v2\/posts\/5272\/revisions\/5281"}],"wp:featuredmedia":[{"embeddable":true,"href":"https:\/\/humanspaces.at\/en\/wp-json\/wp\/v2\/media\/5273"}],"wp:attachment":[{"href":"https:\/\/humanspaces.at\/en\/wp-json\/wp\/v2\/media?parent=5272"}],"wp:term":[{"taxonomy":"category","embeddable":true,"href":"https:\/\/humanspaces.at\/en\/wp-json\/wp\/v2\/categories?post=5272"},{"taxonomy":"post_tag","embeddable":true,"href":"https:\/\/humanspaces.at\/en\/wp-json\/wp\/v2\/tags?post=5272"}],"curies":[{"name":"wp","href":"https:\/\/api.w.org\/{rel}","templated":true}]}}